{"id":6241,"date":"2026-09-04T10:05:37","date_gmt":"2026-09-04T10:05:37","guid":{"rendered":"https:\/\/kukla-teatr.uz\/?p=6241"},"modified":"2026-09-04T10:05:37","modified_gmt":"2026-09-04T10:05:37","slug":"%d0%ba%d0%b0%d1%80%d0%b0%d0%ba%d0%b0%d0%bb%d0%bf%d0%b0%d0%ba%d1%88%d0%b0-ashiq-esikler-kuni-3-kun","status":"publish","type":"post","link":"https:\/\/kukla-teatr.uz\/qq\/archives\/6241","title":{"rendered":"&#8221;Ash\u0131q esikler k\u00fani&#8221; 3-k\u00fan"},"content":{"rendered":"<p><b><i>#Ash\u0131q_esikler_k\u00fani<\/i><\/b><br \/>\n<b><i>#3_k\u00fan<\/i><\/b><\/p>\n<p><b><i>\u00d3zbekstan Respublikas\u0131 \u01f4\u00e1rezsizligini\u0144 35 j\u0131ll\u0131\u01f5\u0131 m\u00fan\u00e1sibeti menen Qaraqalpaq m\u00e1mleketlik Quw\u0131rshaq teatr\u0131nda &#8220;Ash\u0131q esikler k\u00fani&#8221; bol\u0131p \u00f3tpekte<\/i><\/b><\/p>\n<p><b><i>B\u00fagin Qaraqalpaq m\u00e1mleketlik Quw\u0131rshaq teatr\u0131nda X.Abidova avtorl\u0131\u01f5\u0131nda\u01f5\u0131 B.Parmanov t\u00e1repinen m\u00e1mleketlik buy\u0131rtpa tiykar\u0131nda saxnalast\u0131r\u0131l\u01f5an \u201cS\u0131yq\u0131rl\u0131 j\u00fazik\u201d spektakli tamashag\u00f3yler n\u00e1zerine biypul inam etildi.<\/i><\/b><\/p>\n<p><img decoding=\"async\" loading=\"lazy\" class=\"alignnone size-medium wp-image-6242\" src=\"http:\/\/kukla-teatr.uz\/wp-content\/uploads\/2026\/09\/photo_2026-09-04_15-03-41-300x225.jpg\" alt=\"\" width=\"300\" height=\"225\" srcset=\"https:\/\/kukla-teatr.uz\/wp-content\/uploads\/2026\/09\/photo_2026-09-04_15-03-41-300x225.jpg 300w, https:\/\/kukla-teatr.uz\/wp-content\/uploads\/2026\/09\/photo_2026-09-04_15-03-41-1024x768.jpg 1024w, https:\/\/kukla-teatr.uz\/wp-content\/uploads\/2026\/09\/photo_2026-09-04_15-03-41-768x576.jpg 768w, https:\/\/kukla-teatr.uz\/wp-content\/uploads\/2026\/09\/photo_2026-09-04_15-03-41-660x495.jpg 660w, https:\/\/kukla-teatr.uz\/wp-content\/uploads\/2026\/09\/photo_2026-09-04_15-03-41.jpg 1280w\" sizes=\"(max-width: 300px) 100vw, 300px\" \/> <img decoding=\"async\" loading=\"lazy\" class=\"alignnone size-medium wp-image-6243\" src=\"http:\/\/kukla-teatr.uz\/wp-content\/uploads\/2026\/09\/photo_2026-09-04_15-03-44-300x225.jpg\" alt=\"\" width=\"300\" height=\"225\" srcset=\"https:\/\/kukla-teatr.uz\/wp-content\/uploads\/2026\/09\/photo_2026-09-04_15-03-44-300x225.jpg 300w, https:\/\/kukla-teatr.uz\/wp-content\/uploads\/2026\/09\/photo_2026-09-04_15-03-44-1024x768.jpg 1024w, https:\/\/kukla-teatr.uz\/wp-content\/uploads\/2026\/09\/photo_2026-09-04_15-03-44-768x576.jpg 768w, https:\/\/kukla-teatr.uz\/wp-content\/uploads\/2026\/09\/photo_2026-09-04_15-03-44-660x495.jpg 660w, https:\/\/kukla-teatr.uz\/wp-content\/uploads\/2026\/09\/photo_2026-09-04_15-03-44.jpg 1280w\" sizes=\"(max-width: 300px) 100vw, 300px\" \/><\/p>","protected":false},"excerpt":{"rendered":"<p>#Ash\u0131q_esikler_k\u00fani #3_k\u00fan \u00d3zbekstan Respublikas\u0131 \u01f4\u00e1rezsizligini\u0144 35 j\u0131ll\u0131\u01f5\u0131 m\u00fan\u00e1sibeti menen Qaraqalpaq m\u00e1mleketlik Quw\u0131rshaq teatr\u0131nda &#8220;Ash\u0131q esikler k\u00fani&#8221; bol\u0131p \u00f3tpekte B\u00fagin Qaraqalpaq m\u00e1mleketlik Quw\u0131rshaq teatr\u0131nda X.Abidova avtorl\u0131\u01f5\u0131nda\u01f5\u0131 B.Parmanov t\u00e1repinen m\u00e1mleketlik buy\u0131rtpa tiykar\u0131nda saxnalast\u0131r\u0131l\u01f5an \u201cS\u0131yq\u0131rl\u0131 j\u00fazik\u201d spektakli tamashag\u00f3yler n\u00e1zerine biypul inam etildi.<\/p>\n","protected":false},"author":1,"featured_media":0,"comment_status":"closed","ping_status":"closed","sticky":false,"template":"","format":"standard","meta":{"footnotes":""},"categories":[6],"tags":[],"_links":{"self":[{"href":"https:\/\/kukla-teatr.uz\/qq\/wp-json\/wp\/v2\/posts\/6241"}],"collection":[{"href":"https:\/\/kukla-teatr.uz\/qq\/wp-json\/wp\/v2\/posts"}],"about":[{"href":"https:\/\/kukla-teatr.uz\/qq\/wp-json\/wp\/v2\/types\/post"}],"author":[{"embeddable":true,"href":"https:\/\/kukla-teatr.uz\/qq\/wp-json\/wp\/v2\/users\/1"}],"replies":[{"embeddable":true,"href":"https:\/\/kukla-teatr.uz\/qq\/wp-json\/wp\/v2\/comments?post=6241"}],"version-history":[{"count":1,"href":"https:\/\/kukla-teatr.uz\/qq\/wp-json\/wp\/v2\/posts\/6241\/revisions"}],"predecessor-version":[{"id":6244,"href":"https:\/\/kukla-teatr.uz\/qq\/wp-json\/wp\/v2\/posts\/6241\/revisions\/6244"}],"wp:attachment":[{"href":"https:\/\/kukla-teatr.uz\/qq\/wp-json\/wp\/v2\/media?parent=6241"}],"wp:term":[{"taxonomy":"category","embeddable":true,"href":"https:\/\/kukla-teatr.uz\/qq\/wp-json\/wp\/v2\/categories?post=6241"},{"taxonomy":"post_tag","embeddable":true,"href":"https:\/\/kukla-teatr.uz\/qq\/wp-json\/wp\/v2\/tags?post=6241"}],"curies":[{"name":"wp","href":"https:\/\/api.w.org\/{rel}","templated":true}]}}