{"id":6231,"date":"2026-09-01T12:11:24","date_gmt":"2026-09-01T12:11:24","guid":{"rendered":"https:\/\/kukla-teatr.uz\/?p=6231"},"modified":"2026-09-01T12:11:24","modified_gmt":"2026-09-01T12:11:24","slug":"%d0%ba%d0%b0%d1%80%d0%b0%d0%ba%d0%b0%d0%bb%d0%bf%d0%b0%d0%ba%d1%88%d0%b0-doretiwshi-toparimiz-taqiyatas-rayoninda","status":"publish","type":"post","link":"https:\/\/kukla-teatr.uz\/qq\/archives\/6231","title":{"rendered":"D\u00f3retiwshi topar\u0131m\u0131z Taq\u0131yatas rayon\u0131nda"},"content":{"rendered":"<p>D\u00f3retiwshi topar\u0131m\u0131z Taq\u0131yatas rayon\u0131nda\u01f5\u0131 Hayal-q\u0131zlard\u0131 reabilitaciya q\u0131l\u0131w h\u00e1m beyimlestiriw respublikal\u0131q oray\u0131nda bol\u0131p, tamashayg\u00f3ylerimiz n\u00e1zerine M.G.Palivanova q\u00e1lemine tiyisli, E.Begimova t\u00e1repinen saxnalast\u0131r\u0131l\u01f5an &#8220;Ay\u0131wd\u0131\u0144 kewilli balalar\u0131&#8221; spektaklin inam etti<\/p>\n<p><img decoding=\"async\" loading=\"lazy\" class=\"alignnone size-medium wp-image-6232\" src=\"http:\/\/kukla-teatr.uz\/wp-content\/uploads\/2026\/09\/photo_2026-09-01_17-09-48-300x225.jpg\" alt=\"\" width=\"300\" height=\"225\" srcset=\"https:\/\/kukla-teatr.uz\/wp-content\/uploads\/2026\/09\/photo_2026-09-01_17-09-48-300x225.jpg 300w, https:\/\/kukla-teatr.uz\/wp-content\/uploads\/2026\/09\/photo_2026-09-01_17-09-48-1024x768.jpg 1024w, https:\/\/kukla-teatr.uz\/wp-content\/uploads\/2026\/09\/photo_2026-09-01_17-09-48-768x576.jpg 768w, https:\/\/kukla-teatr.uz\/wp-content\/uploads\/2026\/09\/photo_2026-09-01_17-09-48-660x495.jpg 660w, https:\/\/kukla-teatr.uz\/wp-content\/uploads\/2026\/09\/photo_2026-09-01_17-09-48.jpg 1280w\" sizes=\"(max-width: 300px) 100vw, 300px\" \/> <img decoding=\"async\" loading=\"lazy\" class=\"alignnone size-medium wp-image-6233\" src=\"http:\/\/kukla-teatr.uz\/wp-content\/uploads\/2026\/09\/photo_2026-09-01_17-09-53-300x225.jpg\" alt=\"\" width=\"300\" height=\"225\" srcset=\"https:\/\/kukla-teatr.uz\/wp-content\/uploads\/2026\/09\/photo_2026-09-01_17-09-53-300x225.jpg 300w, https:\/\/kukla-teatr.uz\/wp-content\/uploads\/2026\/09\/photo_2026-09-01_17-09-53-1024x768.jpg 1024w, https:\/\/kukla-teatr.uz\/wp-content\/uploads\/2026\/09\/photo_2026-09-01_17-09-53-768x576.jpg 768w, https:\/\/kukla-teatr.uz\/wp-content\/uploads\/2026\/09\/photo_2026-09-01_17-09-53-660x495.jpg 660w, https:\/\/kukla-teatr.uz\/wp-content\/uploads\/2026\/09\/photo_2026-09-01_17-09-53.jpg 1280w\" sizes=\"(max-width: 300px) 100vw, 300px\" \/><\/p>","protected":false},"excerpt":{"rendered":"<p>D\u00f3retiwshi topar\u0131m\u0131z Taq\u0131yatas rayon\u0131nda\u01f5\u0131 Hayal-q\u0131zlard\u0131 reabilitaciya q\u0131l\u0131w h\u00e1m beyimlestiriw respublikal\u0131q oray\u0131nda bol\u0131p, tamashayg\u00f3ylerimiz n\u00e1zerine M.G.Palivanova q\u00e1lemine tiyisli, E.Begimova t\u00e1repinen saxnalast\u0131r\u0131l\u01f5an &#8220;Ay\u0131wd\u0131\u0144 kewilli balalar\u0131&#8221; spektaklin inam etti<\/p>\n","protected":false},"author":1,"featured_media":0,"comment_status":"closed","ping_status":"closed","sticky":false,"template":"","format":"standard","meta":{"footnotes":""},"categories":[20],"tags":[],"_links":{"self":[{"href":"https:\/\/kukla-teatr.uz\/qq\/wp-json\/wp\/v2\/posts\/6231"}],"collection":[{"href":"https:\/\/kukla-teatr.uz\/qq\/wp-json\/wp\/v2\/posts"}],"about":[{"href":"https:\/\/kukla-teatr.uz\/qq\/wp-json\/wp\/v2\/types\/post"}],"author":[{"embeddable":true,"href":"https:\/\/kukla-teatr.uz\/qq\/wp-json\/wp\/v2\/users\/1"}],"replies":[{"embeddable":true,"href":"https:\/\/kukla-teatr.uz\/qq\/wp-json\/wp\/v2\/comments?post=6231"}],"version-history":[{"count":1,"href":"https:\/\/kukla-teatr.uz\/qq\/wp-json\/wp\/v2\/posts\/6231\/revisions"}],"predecessor-version":[{"id":6234,"href":"https:\/\/kukla-teatr.uz\/qq\/wp-json\/wp\/v2\/posts\/6231\/revisions\/6234"}],"wp:attachment":[{"href":"https:\/\/kukla-teatr.uz\/qq\/wp-json\/wp\/v2\/media?parent=6231"}],"wp:term":[{"taxonomy":"category","embeddable":true,"href":"https:\/\/kukla-teatr.uz\/qq\/wp-json\/wp\/v2\/categories?post=6231"},{"taxonomy":"post_tag","embeddable":true,"href":"https:\/\/kukla-teatr.uz\/qq\/wp-json\/wp\/v2\/tags?post=6231"}],"curies":[{"name":"wp","href":"https:\/\/api.w.org\/{rel}","templated":true}]}}