{"id":5997,"date":"2026-04-29T04:57:43","date_gmt":"2026-04-29T04:57:43","guid":{"rendered":"https:\/\/kukla-teatr.uz\/?p=5997"},"modified":"2026-04-29T04:57:43","modified_gmt":"2026-04-29T04:57:43","slug":"%d0%ba%d0%b0%d1%80%d0%b0%d0%ba%d0%b0%d0%bb%d0%bf%d0%b0%d0%ba%d1%88%d0%b0-qaraqalpaq-mamleketlik-quwirshaq-teatrina-buxara-walayati-quwirshaq-teatri-doretiwshi-topari-keldi","status":"publish","type":"post","link":"https:\/\/kukla-teatr.uz\/qq\/archives\/5997","title":{"rendered":"Qaraqalpaq m\u00e1mleketlik Quw\u0131rshaq teatr\u0131na Buxara w\u00e1layat\u0131 Quw\u0131rshaq teatr\u0131 d\u00f3retiwshi topar\u0131 keldi"},"content":{"rendered":"<p>B\u00fagin Qaraqalpaq m\u00e1mleketlik Quw\u0131rshaq teatr\u0131na Buxara w\u00e1layat\u0131 Quw\u0131rshaq teatr\u0131 d\u00f3retiwshi topar\u0131 keldi<\/p>\n<p>Teatr j\u00e1\u00e1mat\u0131m\u0131z miymanlard\u0131 qos\u0131qlar h\u00e1m shou ba\u01f5darlamalar\u0131 menen k\u00fatip aldi. Bunday d\u00f3retiwshilik ush\u0131ras\u0131wlar teatr k\u00f3rkem \u00f3nerini\u0144 rawajlan\u0131w\u0131na, milliy m\u00e1deniyat\u0131m\u0131zd\u0131\u0144 j\u00e1ne de bay\u0131w\u0131na x\u0131zmet etedi.<\/p>\n<p><img decoding=\"async\" loading=\"lazy\" class=\"alignnone size-medium wp-image-5998\" src=\"http:\/\/kukla-teatr.uz\/wp-content\/uploads\/2026\/04\/photo_2026-04-29_09-44-42-300x225.jpg\" alt=\"\" width=\"300\" height=\"225\" srcset=\"https:\/\/kukla-teatr.uz\/wp-content\/uploads\/2026\/04\/photo_2026-04-29_09-44-42-300x225.jpg 300w, https:\/\/kukla-teatr.uz\/wp-content\/uploads\/2026\/04\/photo_2026-04-29_09-44-42-1024x768.jpg 1024w, https:\/\/kukla-teatr.uz\/wp-content\/uploads\/2026\/04\/photo_2026-04-29_09-44-42-768x576.jpg 768w, https:\/\/kukla-teatr.uz\/wp-content\/uploads\/2026\/04\/photo_2026-04-29_09-44-42-1536x1152.jpg 1536w, https:\/\/kukla-teatr.uz\/wp-content\/uploads\/2026\/04\/photo_2026-04-29_09-44-42-2048x1536.jpg 2048w, https:\/\/kukla-teatr.uz\/wp-content\/uploads\/2026\/04\/photo_2026-04-29_09-44-42-660x495.jpg 660w\" sizes=\"(max-width: 300px) 100vw, 300px\" \/> <img decoding=\"async\" loading=\"lazy\" class=\"alignnone size-medium wp-image-5999\" src=\"http:\/\/kukla-teatr.uz\/wp-content\/uploads\/2026\/04\/photo_2026-04-29_09-44-48-300x225.jpg\" alt=\"\" width=\"300\" height=\"225\" srcset=\"https:\/\/kukla-teatr.uz\/wp-content\/uploads\/2026\/04\/photo_2026-04-29_09-44-48-300x225.jpg 300w, https:\/\/kukla-teatr.uz\/wp-content\/uploads\/2026\/04\/photo_2026-04-29_09-44-48-1024x768.jpg 1024w, https:\/\/kukla-teatr.uz\/wp-content\/uploads\/2026\/04\/photo_2026-04-29_09-44-48-768x576.jpg 768w, https:\/\/kukla-teatr.uz\/wp-content\/uploads\/2026\/04\/photo_2026-04-29_09-44-48-1536x1152.jpg 1536w, https:\/\/kukla-teatr.uz\/wp-content\/uploads\/2026\/04\/photo_2026-04-29_09-44-48-2048x1536.jpg 2048w, https:\/\/kukla-teatr.uz\/wp-content\/uploads\/2026\/04\/photo_2026-04-29_09-44-48-660x495.jpg 660w\" sizes=\"(max-width: 300px) 100vw, 300px\" \/> <img decoding=\"async\" loading=\"lazy\" class=\"alignnone size-medium wp-image-6000\" src=\"http:\/\/kukla-teatr.uz\/wp-content\/uploads\/2026\/04\/photo_2026-04-29_09-44-51-300x225.jpg\" alt=\"\" width=\"300\" height=\"225\" srcset=\"https:\/\/kukla-teatr.uz\/wp-content\/uploads\/2026\/04\/photo_2026-04-29_09-44-51-300x225.jpg 300w, https:\/\/kukla-teatr.uz\/wp-content\/uploads\/2026\/04\/photo_2026-04-29_09-44-51-1024x768.jpg 1024w, https:\/\/kukla-teatr.uz\/wp-content\/uploads\/2026\/04\/photo_2026-04-29_09-44-51-768x576.jpg 768w, https:\/\/kukla-teatr.uz\/wp-content\/uploads\/2026\/04\/photo_2026-04-29_09-44-51-1536x1152.jpg 1536w, https:\/\/kukla-teatr.uz\/wp-content\/uploads\/2026\/04\/photo_2026-04-29_09-44-51-2048x1536.jpg 2048w, https:\/\/kukla-teatr.uz\/wp-content\/uploads\/2026\/04\/photo_2026-04-29_09-44-51-660x495.jpg 660w\" sizes=\"(max-width: 300px) 100vw, 300px\" \/><\/p>","protected":false},"excerpt":{"rendered":"<p>B\u00fagin Qaraqalpaq m\u00e1mleketlik Quw\u0131rshaq teatr\u0131na Buxara w\u00e1layat\u0131 Quw\u0131rshaq teatr\u0131 d\u00f3retiwshi topar\u0131 keldi Teatr j\u00e1\u00e1mat\u0131m\u0131z miymanlard\u0131 qos\u0131qlar h\u00e1m shou ba\u01f5darlamalar\u0131 menen k\u00fatip aldi. Bunday d\u00f3retiwshilik ush\u0131ras\u0131wlar teatr k\u00f3rkem \u00f3nerini\u0144 rawajlan\u0131w\u0131na, milliy m\u00e1deniyat\u0131m\u0131zd\u0131\u0144 j\u00e1ne de bay\u0131w\u0131na x\u0131zmet etedi.<\/p>\n","protected":false},"author":1,"featured_media":0,"comment_status":"closed","ping_status":"closed","sticky":false,"template":"","format":"standard","meta":{"footnotes":""},"categories":[6],"tags":[],"_links":{"self":[{"href":"https:\/\/kukla-teatr.uz\/qq\/wp-json\/wp\/v2\/posts\/5997"}],"collection":[{"href":"https:\/\/kukla-teatr.uz\/qq\/wp-json\/wp\/v2\/posts"}],"about":[{"href":"https:\/\/kukla-teatr.uz\/qq\/wp-json\/wp\/v2\/types\/post"}],"author":[{"embeddable":true,"href":"https:\/\/kukla-teatr.uz\/qq\/wp-json\/wp\/v2\/users\/1"}],"replies":[{"embeddable":true,"href":"https:\/\/kukla-teatr.uz\/qq\/wp-json\/wp\/v2\/comments?post=5997"}],"version-history":[{"count":1,"href":"https:\/\/kukla-teatr.uz\/qq\/wp-json\/wp\/v2\/posts\/5997\/revisions"}],"predecessor-version":[{"id":6001,"href":"https:\/\/kukla-teatr.uz\/qq\/wp-json\/wp\/v2\/posts\/5997\/revisions\/6001"}],"wp:attachment":[{"href":"https:\/\/kukla-teatr.uz\/qq\/wp-json\/wp\/v2\/media?parent=5997"}],"wp:term":[{"taxonomy":"category","embeddable":true,"href":"https:\/\/kukla-teatr.uz\/qq\/wp-json\/wp\/v2\/categories?post=5997"},{"taxonomy":"post_tag","embeddable":true,"href":"https:\/\/kukla-teatr.uz\/qq\/wp-json\/wp\/v2\/tags?post=5997"}],"curies":[{"name":"wp","href":"https:\/\/api.w.org\/{rel}","templated":true}]}}