{"id":5990,"date":"2026-04-27T07:37:54","date_gmt":"2026-04-27T07:37:54","guid":{"rendered":"https:\/\/kukla-teatr.uz\/?p=5990"},"modified":"2026-04-27T07:37:54","modified_gmt":"2026-04-27T07:37:54","slug":"%d0%ba%d0%b0%d1%80%d0%b0%d0%ba%d0%b0%d0%bb%d0%bf%d0%b0%d0%ba%d1%88%d0%b0-doretiwshi-toparimiz-juldizsha-atli-mektepke-shekemgi-bilimlendiriw-sholkeminde-boldi","status":"publish","type":"post","link":"https:\/\/kukla-teatr.uz\/qq\/archives\/5990","title":{"rendered":"D\u00f3retiwshi topar\u0131m\u0131z \u201cJuld\u0131zsha&#8221; atl\u0131 mektepke shekemgi bilimlendiriw sh\u00f3lkeminde bold\u0131"},"content":{"rendered":"<p>&nbsp;<\/p>\n<p><img decoding=\"async\" loading=\"lazy\" class=\"alignnone size-medium wp-image-5991\" src=\"http:\/\/kukla-teatr.uz\/wp-content\/uploads\/2026\/04\/photo_2026-04-27_12-36-03-300x225.jpg\" alt=\"\" width=\"300\" height=\"225\" srcset=\"https:\/\/kukla-teatr.uz\/wp-content\/uploads\/2026\/04\/photo_2026-04-27_12-36-03-300x225.jpg 300w, https:\/\/kukla-teatr.uz\/wp-content\/uploads\/2026\/04\/photo_2026-04-27_12-36-03-1024x768.jpg 1024w, https:\/\/kukla-teatr.uz\/wp-content\/uploads\/2026\/04\/photo_2026-04-27_12-36-03-768x576.jpg 768w, https:\/\/kukla-teatr.uz\/wp-content\/uploads\/2026\/04\/photo_2026-04-27_12-36-03-660x495.jpg 660w, https:\/\/kukla-teatr.uz\/wp-content\/uploads\/2026\/04\/photo_2026-04-27_12-36-03.jpg 1280w\" sizes=\"(max-width: 300px) 100vw, 300px\" \/><img decoding=\"async\" loading=\"lazy\" class=\"alignnone size-medium wp-image-5993\" src=\"http:\/\/kukla-teatr.uz\/wp-content\/uploads\/2026\/04\/photo_2026-04-27_12-36-11-300x225.jpg\" alt=\"\" width=\"300\" height=\"225\" srcset=\"https:\/\/kukla-teatr.uz\/wp-content\/uploads\/2026\/04\/photo_2026-04-27_12-36-11-300x225.jpg 300w, https:\/\/kukla-teatr.uz\/wp-content\/uploads\/2026\/04\/photo_2026-04-27_12-36-11-1024x768.jpg 1024w, https:\/\/kukla-teatr.uz\/wp-content\/uploads\/2026\/04\/photo_2026-04-27_12-36-11-768x576.jpg 768w, https:\/\/kukla-teatr.uz\/wp-content\/uploads\/2026\/04\/photo_2026-04-27_12-36-11-660x495.jpg 660w, https:\/\/kukla-teatr.uz\/wp-content\/uploads\/2026\/04\/photo_2026-04-27_12-36-11.jpg 1280w\" sizes=\"(max-width: 300px) 100vw, 300px\" \/><img decoding=\"async\" loading=\"lazy\" class=\"alignnone size-medium wp-image-5992\" src=\"http:\/\/kukla-teatr.uz\/wp-content\/uploads\/2026\/04\/photo_2026-04-27_12-36-08-300x225.jpg\" alt=\"\" width=\"300\" height=\"225\" srcset=\"https:\/\/kukla-teatr.uz\/wp-content\/uploads\/2026\/04\/photo_2026-04-27_12-36-08-300x225.jpg 300w, https:\/\/kukla-teatr.uz\/wp-content\/uploads\/2026\/04\/photo_2026-04-27_12-36-08-1024x768.jpg 1024w, https:\/\/kukla-teatr.uz\/wp-content\/uploads\/2026\/04\/photo_2026-04-27_12-36-08-768x576.jpg 768w, https:\/\/kukla-teatr.uz\/wp-content\/uploads\/2026\/04\/photo_2026-04-27_12-36-08-660x495.jpg 660w, https:\/\/kukla-teatr.uz\/wp-content\/uploads\/2026\/04\/photo_2026-04-27_12-36-08.jpg 1280w\" sizes=\"(max-width: 300px) 100vw, 300px\" \/><\/p>\n<p>D\u00f3retiwshi topar\u0131m\u0131z \u201cJuld\u0131zsha&#8221; atl\u0131 mektepke shekemgi bilimlendiriw sh\u00f3lkeminde bold\u0131<\/p>\n<p>Teatr d\u00f3retiwshi topar\u0131 &#8220;Juld\u0131zsha&#8221; atl\u0131 mektepke shekemgi bilimlendiriw sh\u00f3lkeminde kishkene tamashag\u00f3yler n\u00e1zerine koncert shou ba\u01f5darlamas\u0131n in\u00e1m etti.<\/p>\n<p>&nbsp;<\/p>","protected":false},"excerpt":{"rendered":"<p>&nbsp; D\u00f3retiwshi topar\u0131m\u0131z \u201cJuld\u0131zsha&#8221; atl\u0131 mektepke shekemgi bilimlendiriw sh\u00f3lkeminde bold\u0131 Teatr d\u00f3retiwshi topar\u0131 &#8220;Juld\u0131zsha&#8221; atl\u0131 mektepke shekemgi bilimlendiriw sh\u00f3lkeminde kishkene tamashag\u00f3yler n\u00e1zerine koncert shou ba\u01f5darlamas\u0131n in\u00e1m etti. &nbsp;<\/p>\n","protected":false},"author":1,"featured_media":0,"comment_status":"closed","ping_status":"closed","sticky":false,"template":"","format":"standard","meta":{"footnotes":""},"categories":[20],"tags":[],"_links":{"self":[{"href":"https:\/\/kukla-teatr.uz\/qq\/wp-json\/wp\/v2\/posts\/5990"}],"collection":[{"href":"https:\/\/kukla-teatr.uz\/qq\/wp-json\/wp\/v2\/posts"}],"about":[{"href":"https:\/\/kukla-teatr.uz\/qq\/wp-json\/wp\/v2\/types\/post"}],"author":[{"embeddable":true,"href":"https:\/\/kukla-teatr.uz\/qq\/wp-json\/wp\/v2\/users\/1"}],"replies":[{"embeddable":true,"href":"https:\/\/kukla-teatr.uz\/qq\/wp-json\/wp\/v2\/comments?post=5990"}],"version-history":[{"count":1,"href":"https:\/\/kukla-teatr.uz\/qq\/wp-json\/wp\/v2\/posts\/5990\/revisions"}],"predecessor-version":[{"id":5994,"href":"https:\/\/kukla-teatr.uz\/qq\/wp-json\/wp\/v2\/posts\/5990\/revisions\/5994"}],"wp:attachment":[{"href":"https:\/\/kukla-teatr.uz\/qq\/wp-json\/wp\/v2\/media?parent=5990"}],"wp:term":[{"taxonomy":"category","embeddable":true,"href":"https:\/\/kukla-teatr.uz\/qq\/wp-json\/wp\/v2\/categories?post=5990"},{"taxonomy":"post_tag","embeddable":true,"href":"https:\/\/kukla-teatr.uz\/qq\/wp-json\/wp\/v2\/tags?post=5990"}],"curies":[{"name":"wp","href":"https:\/\/api.w.org\/{rel}","templated":true}]}}